{"id":4773,"date":"2021-01-08T14:27:06","date_gmt":"2021-01-08T13:27:06","guid":{"rendered":"https:\/\/www.prometal.org\/bridas\/"},"modified":"2022-05-06T03:47:59","modified_gmt":"2022-05-06T01:47:59","slug":"bridas","status":"publish","type":"post","link":"https:\/\/www.prometal.org\/pt-pt\/bridas\/","title":{"rendered":"Abra\u00e7adeiras"},"content":{"rendered":"<p>[vc_row][vc_column][vc_row_inner][vc_column_inner width=&#8221;1\/2&#8243;][vc_single_image image=&#8221;4782&#8243; img_size=&#8221;full&#8221; alignment=&#8221;center&#8221;][vc_single_image image=&#8221;4813&#8243; img_size=&#8221;full&#8221; alignment=&#8221;center&#8221;][vc_single_image image=&#8221;4788&#8243; img_size=&#8221;full&#8221; alignment=&#8221;center&#8221;][vc_single_image image=&#8221;4794&#8243; img_size=&#8221;full&#8221; alignment=&#8221;center&#8221;][vc_single_image image=&#8221;4800&#8243; img_size=&#8221;full&#8221; alignment=&#8221;center&#8221;][vc_single_image image=&#8221;4807&#8243; img_size=&#8221;full&#8221; alignment=&#8221;center&#8221;][vc_single_image image=&#8221;4820&#8243; img_size=&#8221;full&#8221; alignment=&#8221;center&#8221;][vc_single_image image=&#8221;4826&#8243; img_size=&#8221;full&#8221; alignment=&#8221;center&#8221;][vc_single_image image=&#8221;4845&#8243; img_size=&#8221;full&#8221; alignment=&#8221;center&#8221;][vc_single_image image=&#8221;4832&#8243; img_size=&#8221;full&#8221; alignment=&#8221;center&#8221;][vc_single_image image=&#8221;4838&#8243; img_size=&#8221;full&#8221; alignment=&#8221;center&#8221;][\/vc_column_inner][vc_column_inner width=&#8221;1\/2&#8243;]<div id=\"ultimate-heading-65886a993a49d38bc\" class=\"uvc-heading ult-adjust-bottom-margin ultimate-heading-65886a993a49d38bc uvc-3075 \" data-hspacer=\"line_only\"  data-halign=\"left\" style=\"text-align:left\"><div class=\"uvc-main-heading ult-responsive\"  data-ultimate-target='.uvc-heading.ultimate-heading-65886a993a49d38bc h2'  data-responsive-json-new='{\"font-size\":\"\",\"line-height\":\"\"}' ><h2 style=\"font-weight:normal;color:#e06627;\">ABRA\u00c7ADEIRAS DE NYLON STANDARDS<\/h2><\/div><div class=\"uvc-heading-spacer line_only\" style=\"margin-top:10px;margin-bottom:10px;height:2px;\"><span class=\"uvc-headings-line\" style=\"border-style:solid;border-bottom-width:2px;border-color:#9e9e9e;width:100px;\"><\/span><\/div><\/div>[vc_column_text]<\/p>\n<h6>ESPECIFICA\u00c7\u00d5ES T\u00c9CNICAS:<\/h6>\n<p>As abra\u00e7adeiras de nylon s\u00e3o bra\u00e7adeiras pl\u00e1sticas feitas de poliamida 6.6 e s\u00e3o usados para prender cabos, bolsas fechadas ou juntar produtos. S\u00e3o usados na ind\u00fastria automobil\u00edstica, embalagem, aeron\u00e1utica, DIY (fa\u00e7a voc\u00ea mesmo), instala\u00e7\u00f5es el\u00e9ctricas e de constru\u00e7\u00e3o.<br \/>\nMaterial: La\u00e7os de cabo de poliamida naturais 6.6 (Nylon) para uso indoor e preto para utiliza\u00e7\u00e3o no exterior (UV resistente)<\/p>\n<h6>RESISTENCIA<\/h6>\n<p>Como standard de inflamabilidade UL-94 V-2. Temperatura de funcionamento -40 \u00b0 C a + 85 \u00b0 C Ponto de fus\u00e3o aprox. +250<br \/>\nResistente a \u00f3leos e lubrificantes<\/p>\n<p>Tamanhos: Por favor verifique[\/vc_column_text]<div id=\"ultimate-heading-53226a993a49d391a\" class=\"uvc-heading ult-adjust-bottom-margin ultimate-heading-53226a993a49d391a uvc-9067 \" data-hspacer=\"line_only\"  data-halign=\"left\" style=\"text-align:left\"><div class=\"uvc-main-heading ult-responsive\"  data-ultimate-target='.uvc-heading.ultimate-heading-53226a993a49d391a h2'  data-responsive-json-new='{\"font-size\":\"\",\"line-height\":\"\"}' ><h2 style=\"font-weight:normal;color:#e06627;\">ABRA\u00c7ADEIRAS REUTILIZ\u00c1VEIS<\/h2><\/div><div class=\"uvc-heading-spacer line_only\" style=\"margin-top:10px;margin-bottom:10px;height:2px;\"><span class=\"uvc-headings-line\" style=\"border-style:solid;border-bottom-width:2px;border-color:#9e9e9e;width:100px;\"><\/span><\/div><\/div>[vc_column_text]Abra\u00e7adeiras de cabo de nylon reutiliz\u00e1veis s\u00e3o colocadas da mesma forma como as abra\u00e7adeiras standard, mas pode ser reutilizado, devido ao sistema de reabertura. Abra\u00e7adeiras para Reciclagem de Pl\u00e1sticos, voc\u00ea precisa pressionar a guia de desbloqueio e \u00e9 removida da cabe\u00e7a, desta forma, pode ser reutilizado novamente. N\u00e3o deixa res\u00edduos.<\/p>\n<h6>Especifica\u00e7\u00f5es t\u00e9cnicas:<\/h6>\n<p>Material: Confeccionada em poliamida naturais 6.6 (Nylon) para uso interior e preto para uso ao ar livre (UV resistente)<\/p>\n<h6>Resist\u00eancia:<\/h6>\n<p>Como o padr\u00e3o de inflamabilidade UL-94 V-2. Temperatura de funcionamento -40 \u00b0 C a + 85 \u00b0 C Ponto de fus\u00e3o aprox. +250 Resistente a \u00f3leos e lubrificantes<\/p>\n<p>[\/vc_column_text]<div id=\"ultimate-heading-45366a993a49d3955\" class=\"uvc-heading ult-adjust-bottom-margin ultimate-heading-45366a993a49d3955 uvc-9953 \" data-hspacer=\"line_only\"  data-halign=\"left\" style=\"text-align:left\"><div class=\"uvc-main-heading ult-responsive\"  data-ultimate-target='.uvc-heading.ultimate-heading-45366a993a49d3955 h2'  data-responsive-json-new='{\"font-size\":\"\",\"line-height\":\"\"}' ><h2 style=\"font-weight:normal;color:#e06627;\">ABRA\u00c7ADEIRAS COLORIDAS<\/h2><\/div><div class=\"uvc-heading-spacer line_only\" style=\"margin-top:10px;margin-bottom:10px;height:2px;\"><span class=\"uvc-headings-line\" style=\"border-style:solid;border-bottom-width:2px;border-color:#9e9e9e;width:100px;\"><\/span><\/div><\/div>[vc_column_text]<\/p>\n<h6>Especifica\u00e7\u00f5es t\u00e9cnicas:<\/h6>\n<p>Material: abra\u00e7adeiras pl\u00e1sticas de nylon (poliamida 6.6)<\/p>\n<h6>Resist\u00eancia:<\/h6>\n<p>Como o standard de inflamabilidade UL-94 V-2. Temperatura de funcionamento -40 \u00b0 C a + 85 \u00b0 C Ponto de fus\u00e3o aprox. +250 Resistente a \u00f3leos e lubrificantes[\/vc_column_text]<div id=\"ultimate-heading-46766a993a49d398b\" class=\"uvc-heading ult-adjust-bottom-margin ultimate-heading-46766a993a49d398b uvc-9272 \" data-hspacer=\"line_only\"  data-halign=\"left\" style=\"text-align:left\"><div class=\"uvc-main-heading ult-responsive\"  data-ultimate-target='.uvc-heading.ultimate-heading-46766a993a49d398b h2'  data-responsive-json-new='{\"font-size\":\"\",\"line-height\":\"\"}' ><h2 style=\"font-weight:normal;color:#e06627;\">ABRA\u00c7ADEIRAS COLORIDAS PARA PARQUES INFANTIS<\/h2><\/div><div class=\"uvc-heading-spacer line_only\" style=\"margin-top:10px;margin-bottom:10px;height:2px;\"><span class=\"uvc-headings-line\" style=\"border-style:solid;border-bottom-width:2px;border-color:#9e9e9e;width:100px;\"><\/span><\/div><\/div>[vc_column_text]Abra\u00e7adeiras especialmente concebidas para a sua utiliza\u00e7\u00e3o em Parques Infantis. A cabe\u00e7a lisa evita os golpes e arranh\u00f5es. S\u00e3o usadas em parques para jogos de futebol, para sustentar o isolamento (tubos \/ conchas). O seu cumprimento evita danos a terceiros<\/p>\n<h6>Especifica\u00e7\u00f5es t\u00e9cnicas:<\/h6>\n<p>O design especial evita manchas e arranh\u00f5es. Tamb\u00e9m conhecida como abra\u00e7adeiras in-line.<\/p>\n<p>&nbsp;<\/p>\n<h6>Material<\/h6>\n<p>FFeito de nylon, 66,94V-2 certificado pela UL.[\/vc_column_text]<div id=\"ultimate-heading-14646a993a49d39be\" class=\"uvc-heading ult-adjust-bottom-margin ultimate-heading-14646a993a49d39be uvc-8783 \" data-hspacer=\"line_only\"  data-halign=\"left\" style=\"text-align:left\"><div class=\"uvc-main-heading ult-responsive\"  data-ultimate-target='.uvc-heading.ultimate-heading-14646a993a49d39be h2'  data-responsive-json-new='{\"font-size\":\"\",\"line-height\":\"\"}' ><h2 style=\"font-weight:normal;color:#e06627;\">ABRA\u00c7ADEIRAS THOMAS E BETTS<\/h2><\/div><div class=\"uvc-heading-spacer line_only\" style=\"margin-top:10px;margin-bottom:10px;height:2px;\"><span class=\"uvc-headings-line\" style=\"border-style:solid;border-bottom-width:2px;border-color:#9e9e9e;width:100px;\"><\/span><\/div><\/div>[vc_column_text]<\/p>\n<h6>MATERIAL:<\/h6>\n<p>Fabricado em nylon 66.94V-2 com certifica\u00e7\u00e3o UL.<\/p>\n<h6>SISTEMA FIJACI\u00d3N:<\/h6>\n<p>A caracter\u00edstica fundamental dos flanges Thomas e Betts TY-RAP \u00e9 o seu sistema de fixa\u00e7\u00e3o, que \u00e9 realizado por meio da lingueta met\u00e1lica de a\u00e7o.<\/p>\n<p>&nbsp;<\/p>\n<h6>RESIST\u00caNCIA:<\/h6>\n<p>Temperatura de trabalho de -40 \u00b0 C a + 85 \u00b0 C.<br \/>\nBuen Aislante.<br \/>\nPreto UV.<\/p>\n<h6><\/h6>\n<h6>CORES:<\/h6>\n<p>Blanco (natural) ou negro (ao ar livre).<br \/>\nOutras cores tamb\u00e9m podem estar dispon\u00edveis mediante solicita\u00e7\u00e3o.<\/p>\n<p>Ele pode ser usado em materiais detect\u00e1veis \u200b\u200bpor raios X e detectores de metal TY-RAP NDT.[\/vc_column_text]<div id=\"ultimate-heading-92446a993a49d39f1\" class=\"uvc-heading ult-adjust-bottom-margin ultimate-heading-92446a993a49d39f1 uvc-6282 \" data-hspacer=\"line_only\"  data-halign=\"left\" style=\"text-align:left\"><div class=\"uvc-main-heading ult-responsive\"  data-ultimate-target='.uvc-heading.ultimate-heading-92446a993a49d39f1 h2'  data-responsive-json-new='{\"font-size\":\"\",\"line-height\":\"\"}' ><h2 style=\"font-weight:normal;color:#e06627;\">ABRA\u00c7ADEIRAS MULTIFUN\u00c7\u00d5ES<\/h2><\/div><div class=\"uvc-heading-spacer line_only\" style=\"margin-top:10px;margin-bottom:10px;height:2px;\"><span class=\"uvc-headings-line\" style=\"border-style:solid;border-bottom-width:2px;border-color:#9e9e9e;width:100px;\"><\/span><\/div><\/div>[vc_column_text]Estes la\u00e7os zip s\u00e3o especialmente adequados para fechar sacos pl\u00e1sticos, onde \u00e9 necess\u00e1rio abrir e fechar repetidamente.<br \/>\nNa jardinagem e na agricultura, eles s\u00e3o usados \u200b\u200bpara a coloca\u00e7\u00e3o de tutores, etc.<\/p>\n<h6>MATERIAL:<\/h6>\n<p>Fabricado em LDPE.<br \/>\nResistente ao tempo.<\/p>\n<p>&nbsp;<\/p>\n<h6>CORES:<\/h6>\n<p>Vermelho padr\u00e3o, mas outras cores podem ser fornecidas a pedido.[\/vc_column_text]<div id=\"ultimate-heading-26696a993a49d3a35\" class=\"uvc-heading ult-adjust-bottom-margin ultimate-heading-26696a993a49d3a35 uvc-4157 \" data-hspacer=\"line_only\"  data-halign=\"left\" style=\"text-align:left\"><div class=\"uvc-main-heading ult-responsive\"  data-ultimate-target='.uvc-heading.ultimate-heading-26696a993a49d3a35 h2'  data-responsive-json-new='{\"font-size\":\"\",\"line-height\":\"\"}' ><h2 style=\"font-weight:normal;color:#e06627;\">ABRA\u00c7ADEIRAS DE PL\u00c1STICO<\/h2><\/div><div class=\"uvc-heading-spacer line_only\" style=\"margin-top:10px;margin-bottom:10px;height:2px;\"><span class=\"uvc-headings-line\" style=\"border-style:solid;border-bottom-width:2px;border-color:#9e9e9e;width:100px;\"><\/span><\/div><\/div>[vc_column_text]<\/p>\n<h6>CARACTER\u00cdSTICAS T\u00c9CNICAS:<\/h6>\n<p>Eles podem ser marcados com um marcador indel\u00e9vel ou colando uma etiqueta.<br \/>\nPodem ser feitos la\u00e7os de seguran\u00e7a especiais marcados com logotipo e numera\u00e7\u00e3o.<\/p>\n<p>&nbsp;<\/p>\n<h6>MATERIAL:<\/h6>\n<p>Fabricado em Nylon 66,94V-2 certificado pela UL.<\/p>\n<p>&nbsp;<\/p>\n<h6>RESIST\u00caNCIA:<\/h6>\n<p>Resistente ao calor.<br \/>\nGood Insulator. Natural ou branco padr\u00e3o.<br \/>\nPreto UV.<\/p>\n<p>&nbsp;<\/p>\n<h6>CORES:<\/h6>\n<p>Branco (natural) ou preto (para exterior)[\/vc_column_text]<div id=\"ultimate-heading-366a993a49d3a6e\" class=\"uvc-heading ult-adjust-bottom-margin ultimate-heading-366a993a49d3a6e uvc-9262 \" data-hspacer=\"line_only\"  data-halign=\"left\" style=\"text-align:left\"><div class=\"uvc-main-heading ult-responsive\"  data-ultimate-target='.uvc-heading.ultimate-heading-366a993a49d3a6e h2'  data-responsive-json-new='{\"font-size\":\"\",\"line-height\":\"\"}' ><h2 style=\"font-weight:normal;color:#e06627;\">ABRA\u00c7ADEIRAS PL\u00c1STICAS E BASES DE COLOCA\u00c7\u00c3O<\/h2><\/div><div class=\"uvc-heading-spacer line_only\" style=\"margin-top:10px;margin-bottom:10px;height:2px;\"><span class=\"uvc-headings-line\" style=\"border-style:solid;border-bottom-width:2px;border-color:#9e9e9e;width:100px;\"><\/span><\/div><\/div>[vc_column_text]Cavilhas de flange, bases adesivas de pl\u00e1stico e bases de pl\u00e1stico para instala\u00e7\u00e3o de parafusos<\/p>\n<h6>BASES DE PL\u00c1STICO PARA COLOCA\u00c7\u00c3O DE PARAFUSOS:<\/h6>\n<p>Fabricado em Nylon 66,94V-2 certificado pela UL.<br \/>\nCores: Branco (Natural) ou Preto (para exterior)<br \/>\nEles s\u00e3o montados com parafusos.<br \/>\nProjetado para montagens onde chicotes de cabos pesados \u200b\u200bdevem ser instalados.<\/p>\n<p>&nbsp;<\/p>\n<h6>PLUGUE DE FLANGE:<\/h6>\n<p>Fabricado em Nylon 66,94V-2 certificado pela UL.<br \/>\nCores: Preto<br \/>\nEles podem ser instalados em uma ampla variedade de materiais, como concreto, tijolo, etc.<br \/>\nEsses plugues, juntamente com as abra\u00e7adeiras, podem ser usados \u200b\u200btanto em ambientes internos quanto externos, para prender cabos.<\/p>\n<p>&nbsp;<\/p>\n<h6>BASES DE PL\u00c1STICO AUTO-ADESIVO:<\/h6>\n<p>Fabricado em Nylon 66,94V-2 certificado pela UL.<br \/>\nCores: Natural ou preto e branco.<br \/>\nAmbos podem ser aparafusados \u200b\u200bou atrav\u00e9s da superf\u00edcie autoadesiva.<br \/>\nEles t\u00eam 4 entradas \/ sa\u00eddas para maior flexibilidade de montagem.[\/vc_column_text]<div id=\"ultimate-heading-56106a993a49d3aac\" class=\"uvc-heading ult-adjust-bottom-margin ultimate-heading-56106a993a49d3aac uvc-6281 \" data-hspacer=\"line_only\"  data-halign=\"left\" style=\"text-align:left\"><div class=\"uvc-main-heading ult-responsive\"  data-ultimate-target='.uvc-heading.ultimate-heading-56106a993a49d3aac h2'  data-responsive-json-new='{\"font-size\":\"\",\"line-height\":\"\"}' ><h2 style=\"font-weight:normal;color:#e06627;\">ABRA\u00c7ADEIRAS PARA O AR CONDICIONADO<\/h2><\/div><div class=\"uvc-heading-spacer line_only\" style=\"margin-top:10px;margin-bottom:10px;height:2px;\"><span class=\"uvc-headings-line\" style=\"border-style:solid;border-bottom-width:2px;border-color:#9e9e9e;width:100px;\"><\/span><\/div><\/div>[vc_column_text]Cabo largura especiais 20 mil\u00edmetros la\u00e7os para a fixa\u00e7\u00e3o de tubos isolados<\/p>\n<p>&nbsp;<\/p>\n<h6>Material:<\/h6>\n<p>Feito de PE.<\/p>\n<p>&nbsp;<\/p>\n<h6>Posicionamento:<\/h6>\n<p>S\u00e3o afixados \u00e0 parede com parafusos, antes de colocar as mangueiras<\/p>\n<p>[\/vc_column_text][\/vc_column_inner][\/vc_row_inner][\/vc_column][\/vc_row][vc_row][vc_column][vc_row_inner][vc_column_inner]<div id=\"ultimate-heading-49786a993a49d3ae3\" class=\"uvc-heading ult-adjust-bottom-margin ultimate-heading-49786a993a49d3ae3 uvc-580 \" data-hspacer=\"line_only\"  data-halign=\"left\" style=\"text-align:left\"><div class=\"uvc-main-heading ult-responsive\"  data-ultimate-target='.uvc-heading.ultimate-heading-49786a993a49d3ae3 h2'  data-responsive-json-new='{\"font-size\":\"\",\"line-height\":\"\"}' ><h2 style=\"font-weight:normal;color:#e06627;\">MAIS PRODUTOS<\/h2><\/div><div class=\"uvc-heading-spacer line_only\" style=\"margin-top:10px;margin-bottom:10px;height:2px;\"><span class=\"uvc-headings-line\" style=\"border-style:solid;border-bottom-width:2px;border-color:#9e9e9e;width:100px;\"><\/span><\/div><\/div>[vc_basic_grid post_type=&#8221;post&#8221; max_items=&#8221;-1&#8243; style=&#8221;pagination&#8221; items_per_page=&#8221;6&#8243; element_width=&#8221;2&#8243; order=&#8221;ASC&#8221; arrows_design=&#8221;vc_arrow-icon-arrow_11_left&#8221; arrows_position=&#8221;outside&#8221; arrows_color=&#8221;black&#8221; paging_design=&#8221;none&#8221; loop=&#8221;yes&#8221; item=&#8221;139&#8243; grid_id=&#8221;vc_gid:1651801667631-c95cdc33-84d7-3&#8243; taxonomies=&#8221;6&#8243; paging_animation_in=&#8221;slideInRight&#8221; paging_animation_out=&#8221;slideOutLeft&#8221;][\/vc_column_inner][\/vc_row_inner][\/vc_column][\/vc_row]<\/p>\n","protected":false},"excerpt":{"rendered":"<p>[vc_row][vc_column][vc_row_inner][vc_column_inner width=&#8221;1\/2&#8243;][vc_single_image image=&#8221;4782&#8243; img_size=&#8221;full&#8221; alignment=&#8221;center&#8221;][vc_single_image image=&#8221;4813&#8243; img_size=&#8221;full&#8221; alignment=&#8221;center&#8221;][vc_single_image image=&#8221;4788&#8243; img_size=&#8221;full&#8221; alignment=&#8221;center&#8221;][vc_single_image image=&#8221;4794&#8243; img_size=&#8221;full&#8221; alignment=&#8221;center&#8221;][vc_single_image image=&#8221;4800&#8243; img_size=&#8221;full&#8221; alignment=&#8221;center&#8221;][vc_single_image image=&#8221;4807&#8243; img_size=&#8221;full&#8221; alignment=&#8221;center&#8221;][vc_single_image image=&#8221;4820&#8243; img_size=&#8221;full&#8221; alignment=&#8221;center&#8221;][vc_single_image image=&#8221;4826&#8243; img_size=&#8221;full&#8221; alignment=&#8221;center&#8221;][vc_single_image image=&#8221;4845&#8243; img_size=&#8221;full&#8221; alignment=&#8221;center&#8221;][vc_single_image image=&#8221;4832&#8243; img_size=&#8221;full&#8221; alignment=&#8221;center&#8221;][vc_single_image image=&#8221;4838&#8243; img_size=&#8221;full&#8221; alignment=&#8221;center&#8221;][\/vc_column_inner][vc_column_inner width=&#8221;1\/2&#8243;][vc_column_text] ESPECIFICA\u00c7\u00d5ES T\u00c9CNICAS: As abra\u00e7adeiras de nylon s\u00e3o bra\u00e7adeiras pl\u00e1sticas feitas de poliamida 6.6 e s\u00e3o usados para prender cabos,[&#8230;]<\/p>\n","protected":false},"author":1,"featured_media":4768,"comment_status":"open","ping_status":"open","sticky":false,"template":"","format":"standard","meta":{"footnotes":""},"categories":[49],"tags":[95],"class_list":["post-4773","post","type-post","status-publish","format-standard","has-post-thumbnail","hentry","category-outros-produtos","tag-laboratorios-e-quimicos-pt-pt"],"yoast_head":"<!-- This site is optimized with the Yoast SEO plugin v27.5 - https:\/\/yoast.com\/product\/yoast-seo-wordpress\/ -->\n<title>Abra\u00e7adeiras - Precintos Prometal<\/title>\n<meta name=\"robots\" content=\"noindex, follow, max-snippet:-1, max-image-preview:large, max-video-preview:-1\" \/>\n<meta property=\"og:locale\" content=\"pt_PT\" \/>\n<meta property=\"og:type\" content=\"article\" \/>\n<meta property=\"og:title\" content=\"Abra\u00e7adeiras - Precintos Prometal\" \/>\n<meta property=\"og:description\" content=\"[vc_row][vc_column][vc_row_inner][vc_column_inner width=&#8221;1\/2&#8243;][vc_single_image image=&#8221;4782&#8243; img_size=&#8221;full&#8221; alignment=&#8221;center&#8221;][vc_single_image image=&#8221;4813&#8243; img_size=&#8221;full&#8221; alignment=&#8221;center&#8221;][vc_single_image image=&#8221;4788&#8243; img_size=&#8221;full&#8221; alignment=&#8221;center&#8221;][vc_single_image image=&#8221;4794&#8243; img_size=&#8221;full&#8221; alignment=&#8221;center&#8221;][vc_single_image image=&#8221;4800&#8243; img_size=&#8221;full&#8221; alignment=&#8221;center&#8221;][vc_single_image image=&#8221;4807&#8243; img_size=&#8221;full&#8221; alignment=&#8221;center&#8221;][vc_single_image image=&#8221;4820&#8243; img_size=&#8221;full&#8221; alignment=&#8221;center&#8221;][vc_single_image image=&#8221;4826&#8243; img_size=&#8221;full&#8221; alignment=&#8221;center&#8221;][vc_single_image image=&#8221;4845&#8243; img_size=&#8221;full&#8221; alignment=&#8221;center&#8221;][vc_single_image image=&#8221;4832&#8243; img_size=&#8221;full&#8221; alignment=&#8221;center&#8221;][vc_single_image image=&#8221;4838&#8243; img_size=&#8221;full&#8221; alignment=&#8221;center&#8221;][\/vc_column_inner][vc_column_inner width=&#8221;1\/2&#8243;][vc_column_text] ESPECIFICA\u00c7\u00d5ES T\u00c9CNICAS: As abra\u00e7adeiras de nylon s\u00e3o bra\u00e7adeiras pl\u00e1sticas feitas de poliamida 6.6 e s\u00e3o usados para prender cabos,[...]\" \/>\n<meta property=\"og:url\" content=\"https:\/\/www.prometal.org\/pt-pt\/bridas\/\" \/>\n<meta property=\"og:site_name\" content=\"Precintos Prometal\" \/>\n<meta property=\"article:publisher\" content=\"https:\/\/www.facebook.com\/precintosprometal\/\" \/>\n<meta property=\"article:published_time\" content=\"2021-01-08T13:27:06+00:00\" \/>\n<meta property=\"article:modified_time\" content=\"2022-05-06T01:47:59+00:00\" \/>\n<meta property=\"og:image\" content=\"https:\/\/www.prometal.org\/wp-content\/uploads\/2021\/01\/prometal-bridas.jpg\" \/>\n\t<meta property=\"og:image:width\" content=\"478\" \/>\n\t<meta property=\"og:image:height\" content=\"478\" \/>\n\t<meta property=\"og:image:type\" content=\"image\/jpeg\" \/>\n<meta name=\"author\" content=\"Pincrea\" \/>\n<meta name=\"twitter:card\" content=\"summary_large_image\" \/>\n<meta name=\"twitter:label1\" content=\"Escrito por\" \/>\n\t<meta name=\"twitter:data1\" content=\"Pincrea\" \/>\n\t<meta name=\"twitter:label2\" content=\"Tempo estimado de leitura\" \/>\n\t<meta name=\"twitter:data2\" content=\"7 minutos\" \/>\n<script type=\"application\/ld+json\" class=\"yoast-schema-graph\">{\"@context\":\"https:\\\/\\\/schema.org\",\"@graph\":[{\"@type\":\"Article\",\"@id\":\"https:\\\/\\\/www.prometal.org\\\/pt-pt\\\/bridas\\\/#article\",\"isPartOf\":{\"@id\":\"https:\\\/\\\/www.prometal.org\\\/pt-pt\\\/bridas\\\/\"},\"author\":{\"name\":\"Pincrea\",\"@id\":\"https:\\\/\\\/www.prometal.org\\\/pt-pt\\\/#\\\/schema\\\/person\\\/0cdd49dc260f540045399851054883ab\"},\"headline\":\"Abra\u00e7adeiras\",\"datePublished\":\"2021-01-08T13:27:06+00:00\",\"dateModified\":\"2022-05-06T01:47:59+00:00\",\"mainEntityOfPage\":{\"@id\":\"https:\\\/\\\/www.prometal.org\\\/pt-pt\\\/bridas\\\/\"},\"wordCount\":1392,\"commentCount\":0,\"publisher\":{\"@id\":\"https:\\\/\\\/www.prometal.org\\\/pt-pt\\\/#organization\"},\"image\":{\"@id\":\"https:\\\/\\\/www.prometal.org\\\/pt-pt\\\/bridas\\\/#primaryimage\"},\"thumbnailUrl\":\"https:\\\/\\\/www.prometal.org\\\/wp-content\\\/uploads\\\/2021\\\/01\\\/prometal-bridas.jpg\",\"keywords\":[\"Laborat\u00f3rios e Qu\u00edmicos\"],\"articleSection\":[\"Outros produtos\"],\"inLanguage\":\"pt-PT\",\"potentialAction\":[{\"@type\":\"CommentAction\",\"name\":\"Comment\",\"target\":[\"https:\\\/\\\/www.prometal.org\\\/pt-pt\\\/bridas\\\/#respond\"]}]},{\"@type\":\"WebPage\",\"@id\":\"https:\\\/\\\/www.prometal.org\\\/pt-pt\\\/bridas\\\/\",\"url\":\"https:\\\/\\\/www.prometal.org\\\/pt-pt\\\/bridas\\\/\",\"name\":\"Abra\u00e7adeiras - Precintos Prometal\",\"isPartOf\":{\"@id\":\"https:\\\/\\\/www.prometal.org\\\/pt-pt\\\/#website\"},\"primaryImageOfPage\":{\"@id\":\"https:\\\/\\\/www.prometal.org\\\/pt-pt\\\/bridas\\\/#primaryimage\"},\"image\":{\"@id\":\"https:\\\/\\\/www.prometal.org\\\/pt-pt\\\/bridas\\\/#primaryimage\"},\"thumbnailUrl\":\"https:\\\/\\\/www.prometal.org\\\/wp-content\\\/uploads\\\/2021\\\/01\\\/prometal-bridas.jpg\",\"datePublished\":\"2021-01-08T13:27:06+00:00\",\"dateModified\":\"2022-05-06T01:47:59+00:00\",\"breadcrumb\":{\"@id\":\"https:\\\/\\\/www.prometal.org\\\/pt-pt\\\/bridas\\\/#breadcrumb\"},\"inLanguage\":\"pt-PT\",\"potentialAction\":[{\"@type\":\"ReadAction\",\"target\":[\"https:\\\/\\\/www.prometal.org\\\/pt-pt\\\/bridas\\\/\"]}]},{\"@type\":\"ImageObject\",\"inLanguage\":\"pt-PT\",\"@id\":\"https:\\\/\\\/www.prometal.org\\\/pt-pt\\\/bridas\\\/#primaryimage\",\"url\":\"https:\\\/\\\/www.prometal.org\\\/wp-content\\\/uploads\\\/2021\\\/01\\\/prometal-bridas.jpg\",\"contentUrl\":\"https:\\\/\\\/www.prometal.org\\\/wp-content\\\/uploads\\\/2021\\\/01\\\/prometal-bridas.jpg\",\"width\":478,\"height\":478},{\"@type\":\"BreadcrumbList\",\"@id\":\"https:\\\/\\\/www.prometal.org\\\/pt-pt\\\/bridas\\\/#breadcrumb\",\"itemListElement\":[{\"@type\":\"ListItem\",\"position\":1,\"name\":\"Portada\",\"item\":\"https:\\\/\\\/www.prometal.org\\\/pt-pt\\\/\"},{\"@type\":\"ListItem\",\"position\":2,\"name\":\"Abra\u00e7adeiras\"}]},{\"@type\":\"WebSite\",\"@id\":\"https:\\\/\\\/www.prometal.org\\\/pt-pt\\\/#website\",\"url\":\"https:\\\/\\\/www.prometal.org\\\/pt-pt\\\/\",\"name\":\"Precintos de Seguridad Prometal\",\"description\":\"Prometal, Precintos de seguridad de pl\u00e1stico y met\u00e1licos. Fabricante de precintos de seguridad en Valencia, exportamos a todo el mundo.\",\"publisher\":{\"@id\":\"https:\\\/\\\/www.prometal.org\\\/pt-pt\\\/#organization\"},\"alternateName\":\"Prometal\",\"potentialAction\":[{\"@type\":\"SearchAction\",\"target\":{\"@type\":\"EntryPoint\",\"urlTemplate\":\"https:\\\/\\\/www.prometal.org\\\/pt-pt\\\/?s={search_term_string}\"},\"query-input\":{\"@type\":\"PropertyValueSpecification\",\"valueRequired\":true,\"valueName\":\"search_term_string\"}}],\"inLanguage\":\"pt-PT\"},{\"@type\":\"Organization\",\"@id\":\"https:\\\/\\\/www.prometal.org\\\/pt-pt\\\/#organization\",\"name\":\"Precintos de Seguridad Prometal\",\"alternateName\":\"Prometal\",\"url\":\"https:\\\/\\\/www.prometal.org\\\/pt-pt\\\/\",\"logo\":{\"@type\":\"ImageObject\",\"inLanguage\":\"pt-PT\",\"@id\":\"https:\\\/\\\/www.prometal.org\\\/pt-pt\\\/#\\\/schema\\\/logo\\\/image\\\/\",\"url\":\"https:\\\/\\\/www.prometal.org\\\/wp-content\\\/uploads\\\/2022\\\/02\\\/cropped-favicon.jpg\",\"contentUrl\":\"https:\\\/\\\/www.prometal.org\\\/wp-content\\\/uploads\\\/2022\\\/02\\\/cropped-favicon.jpg\",\"width\":512,\"height\":512,\"caption\":\"Precintos de Seguridad Prometal\"},\"image\":{\"@id\":\"https:\\\/\\\/www.prometal.org\\\/pt-pt\\\/#\\\/schema\\\/logo\\\/image\\\/\"},\"sameAs\":[\"https:\\\/\\\/www.facebook.com\\\/precintosprometal\\\/\",\"https:\\\/\\\/www.youtube.com\\\/@prometalprecintos\",\"https:\\\/\\\/www.linkedin.com\\\/company\\\/prometal\"]},{\"@type\":\"Person\",\"@id\":\"https:\\\/\\\/www.prometal.org\\\/pt-pt\\\/#\\\/schema\\\/person\\\/0cdd49dc260f540045399851054883ab\",\"name\":\"Pincrea\",\"image\":{\"@type\":\"ImageObject\",\"inLanguage\":\"pt-PT\",\"@id\":\"https:\\\/\\\/secure.gravatar.com\\\/avatar\\\/8166365a7664dcc0f2ccf896a595b7e8e02a43a497d8f44d6d0a35ea1e04decc?s=96&d=mm&r=g\",\"url\":\"https:\\\/\\\/secure.gravatar.com\\\/avatar\\\/8166365a7664dcc0f2ccf896a595b7e8e02a43a497d8f44d6d0a35ea1e04decc?s=96&d=mm&r=g\",\"contentUrl\":\"https:\\\/\\\/secure.gravatar.com\\\/avatar\\\/8166365a7664dcc0f2ccf896a595b7e8e02a43a497d8f44d6d0a35ea1e04decc?s=96&d=mm&r=g\",\"caption\":\"Pincrea\"},\"url\":\"https:\\\/\\\/www.prometal.org\\\/pt-pt\\\/author\\\/pincrea\\\/\"}]}<\/script>\n<!-- \/ Yoast SEO plugin. -->","yoast_head_json":{"title":"Abra\u00e7adeiras - Precintos Prometal","robots":{"index":"noindex","follow":"follow","max-snippet":"max-snippet:-1","max-image-preview":"max-image-preview:large","max-video-preview":"max-video-preview:-1"},"og_locale":"pt_PT","og_type":"article","og_title":"Abra\u00e7adeiras - Precintos Prometal","og_description":"[vc_row][vc_column][vc_row_inner][vc_column_inner width=&#8221;1\/2&#8243;][vc_single_image image=&#8221;4782&#8243; img_size=&#8221;full&#8221; alignment=&#8221;center&#8221;][vc_single_image image=&#8221;4813&#8243; img_size=&#8221;full&#8221; alignment=&#8221;center&#8221;][vc_single_image image=&#8221;4788&#8243; img_size=&#8221;full&#8221; alignment=&#8221;center&#8221;][vc_single_image image=&#8221;4794&#8243; img_size=&#8221;full&#8221; alignment=&#8221;center&#8221;][vc_single_image image=&#8221;4800&#8243; img_size=&#8221;full&#8221; alignment=&#8221;center&#8221;][vc_single_image image=&#8221;4807&#8243; img_size=&#8221;full&#8221; alignment=&#8221;center&#8221;][vc_single_image image=&#8221;4820&#8243; img_size=&#8221;full&#8221; alignment=&#8221;center&#8221;][vc_single_image image=&#8221;4826&#8243; img_size=&#8221;full&#8221; alignment=&#8221;center&#8221;][vc_single_image image=&#8221;4845&#8243; img_size=&#8221;full&#8221; alignment=&#8221;center&#8221;][vc_single_image image=&#8221;4832&#8243; img_size=&#8221;full&#8221; alignment=&#8221;center&#8221;][vc_single_image image=&#8221;4838&#8243; img_size=&#8221;full&#8221; alignment=&#8221;center&#8221;][\/vc_column_inner][vc_column_inner width=&#8221;1\/2&#8243;][vc_column_text] ESPECIFICA\u00c7\u00d5ES T\u00c9CNICAS: As abra\u00e7adeiras de nylon s\u00e3o bra\u00e7adeiras pl\u00e1sticas feitas de poliamida 6.6 e s\u00e3o usados para prender cabos,[...]","og_url":"https:\/\/www.prometal.org\/pt-pt\/bridas\/","og_site_name":"Precintos Prometal","article_publisher":"https:\/\/www.facebook.com\/precintosprometal\/","article_published_time":"2021-01-08T13:27:06+00:00","article_modified_time":"2022-05-06T01:47:59+00:00","og_image":[{"width":478,"height":478,"url":"https:\/\/www.prometal.org\/wp-content\/uploads\/2021\/01\/prometal-bridas.jpg","type":"image\/jpeg"}],"author":"Pincrea","twitter_card":"summary_large_image","twitter_misc":{"Escrito por":"Pincrea","Tempo estimado de leitura":"7 minutos"},"schema":{"@context":"https:\/\/schema.org","@graph":[{"@type":"Article","@id":"https:\/\/www.prometal.org\/pt-pt\/bridas\/#article","isPartOf":{"@id":"https:\/\/www.prometal.org\/pt-pt\/bridas\/"},"author":{"name":"Pincrea","@id":"https:\/\/www.prometal.org\/pt-pt\/#\/schema\/person\/0cdd49dc260f540045399851054883ab"},"headline":"Abra\u00e7adeiras","datePublished":"2021-01-08T13:27:06+00:00","dateModified":"2022-05-06T01:47:59+00:00","mainEntityOfPage":{"@id":"https:\/\/www.prometal.org\/pt-pt\/bridas\/"},"wordCount":1392,"commentCount":0,"publisher":{"@id":"https:\/\/www.prometal.org\/pt-pt\/#organization"},"image":{"@id":"https:\/\/www.prometal.org\/pt-pt\/bridas\/#primaryimage"},"thumbnailUrl":"https:\/\/www.prometal.org\/wp-content\/uploads\/2021\/01\/prometal-bridas.jpg","keywords":["Laborat\u00f3rios e Qu\u00edmicos"],"articleSection":["Outros produtos"],"inLanguage":"pt-PT","potentialAction":[{"@type":"CommentAction","name":"Comment","target":["https:\/\/www.prometal.org\/pt-pt\/bridas\/#respond"]}]},{"@type":"WebPage","@id":"https:\/\/www.prometal.org\/pt-pt\/bridas\/","url":"https:\/\/www.prometal.org\/pt-pt\/bridas\/","name":"Abra\u00e7adeiras - Precintos Prometal","isPartOf":{"@id":"https:\/\/www.prometal.org\/pt-pt\/#website"},"primaryImageOfPage":{"@id":"https:\/\/www.prometal.org\/pt-pt\/bridas\/#primaryimage"},"image":{"@id":"https:\/\/www.prometal.org\/pt-pt\/bridas\/#primaryimage"},"thumbnailUrl":"https:\/\/www.prometal.org\/wp-content\/uploads\/2021\/01\/prometal-bridas.jpg","datePublished":"2021-01-08T13:27:06+00:00","dateModified":"2022-05-06T01:47:59+00:00","breadcrumb":{"@id":"https:\/\/www.prometal.org\/pt-pt\/bridas\/#breadcrumb"},"inLanguage":"pt-PT","potentialAction":[{"@type":"ReadAction","target":["https:\/\/www.prometal.org\/pt-pt\/bridas\/"]}]},{"@type":"ImageObject","inLanguage":"pt-PT","@id":"https:\/\/www.prometal.org\/pt-pt\/bridas\/#primaryimage","url":"https:\/\/www.prometal.org\/wp-content\/uploads\/2021\/01\/prometal-bridas.jpg","contentUrl":"https:\/\/www.prometal.org\/wp-content\/uploads\/2021\/01\/prometal-bridas.jpg","width":478,"height":478},{"@type":"BreadcrumbList","@id":"https:\/\/www.prometal.org\/pt-pt\/bridas\/#breadcrumb","itemListElement":[{"@type":"ListItem","position":1,"name":"Portada","item":"https:\/\/www.prometal.org\/pt-pt\/"},{"@type":"ListItem","position":2,"name":"Abra\u00e7adeiras"}]},{"@type":"WebSite","@id":"https:\/\/www.prometal.org\/pt-pt\/#website","url":"https:\/\/www.prometal.org\/pt-pt\/","name":"Precintos de Seguridad Prometal","description":"Prometal, Precintos de seguridad de pl\u00e1stico y met\u00e1licos. Fabricante de precintos de seguridad en Valencia, exportamos a todo el mundo.","publisher":{"@id":"https:\/\/www.prometal.org\/pt-pt\/#organization"},"alternateName":"Prometal","potentialAction":[{"@type":"SearchAction","target":{"@type":"EntryPoint","urlTemplate":"https:\/\/www.prometal.org\/pt-pt\/?s={search_term_string}"},"query-input":{"@type":"PropertyValueSpecification","valueRequired":true,"valueName":"search_term_string"}}],"inLanguage":"pt-PT"},{"@type":"Organization","@id":"https:\/\/www.prometal.org\/pt-pt\/#organization","name":"Precintos de Seguridad Prometal","alternateName":"Prometal","url":"https:\/\/www.prometal.org\/pt-pt\/","logo":{"@type":"ImageObject","inLanguage":"pt-PT","@id":"https:\/\/www.prometal.org\/pt-pt\/#\/schema\/logo\/image\/","url":"https:\/\/www.prometal.org\/wp-content\/uploads\/2022\/02\/cropped-favicon.jpg","contentUrl":"https:\/\/www.prometal.org\/wp-content\/uploads\/2022\/02\/cropped-favicon.jpg","width":512,"height":512,"caption":"Precintos de Seguridad Prometal"},"image":{"@id":"https:\/\/www.prometal.org\/pt-pt\/#\/schema\/logo\/image\/"},"sameAs":["https:\/\/www.facebook.com\/precintosprometal\/","https:\/\/www.youtube.com\/@prometalprecintos","https:\/\/www.linkedin.com\/company\/prometal"]},{"@type":"Person","@id":"https:\/\/www.prometal.org\/pt-pt\/#\/schema\/person\/0cdd49dc260f540045399851054883ab","name":"Pincrea","image":{"@type":"ImageObject","inLanguage":"pt-PT","@id":"https:\/\/secure.gravatar.com\/avatar\/8166365a7664dcc0f2ccf896a595b7e8e02a43a497d8f44d6d0a35ea1e04decc?s=96&d=mm&r=g","url":"https:\/\/secure.gravatar.com\/avatar\/8166365a7664dcc0f2ccf896a595b7e8e02a43a497d8f44d6d0a35ea1e04decc?s=96&d=mm&r=g","contentUrl":"https:\/\/secure.gravatar.com\/avatar\/8166365a7664dcc0f2ccf896a595b7e8e02a43a497d8f44d6d0a35ea1e04decc?s=96&d=mm&r=g","caption":"Pincrea"},"url":"https:\/\/www.prometal.org\/pt-pt\/author\/pincrea\/"}]}},"_links":{"self":[{"href":"https:\/\/www.prometal.org\/pt-pt\/wp-json\/wp\/v2\/posts\/4773","targetHints":{"allow":["GET"]}}],"collection":[{"href":"https:\/\/www.prometal.org\/pt-pt\/wp-json\/wp\/v2\/posts"}],"about":[{"href":"https:\/\/www.prometal.org\/pt-pt\/wp-json\/wp\/v2\/types\/post"}],"author":[{"embeddable":true,"href":"https:\/\/www.prometal.org\/pt-pt\/wp-json\/wp\/v2\/users\/1"}],"replies":[{"embeddable":true,"href":"https:\/\/www.prometal.org\/pt-pt\/wp-json\/wp\/v2\/comments?post=4773"}],"version-history":[{"count":11,"href":"https:\/\/www.prometal.org\/pt-pt\/wp-json\/wp\/v2\/posts\/4773\/revisions"}],"predecessor-version":[{"id":5908,"href":"https:\/\/www.prometal.org\/pt-pt\/wp-json\/wp\/v2\/posts\/4773\/revisions\/5908"}],"wp:featuredmedia":[{"embeddable":true,"href":"https:\/\/www.prometal.org\/pt-pt\/wp-json\/wp\/v2\/media\/4768"}],"wp:attachment":[{"href":"https:\/\/www.prometal.org\/pt-pt\/wp-json\/wp\/v2\/media?parent=4773"}],"wp:term":[{"taxonomy":"category","embeddable":true,"href":"https:\/\/www.prometal.org\/pt-pt\/wp-json\/wp\/v2\/categories?post=4773"},{"taxonomy":"post_tag","embeddable":true,"href":"https:\/\/www.prometal.org\/pt-pt\/wp-json\/wp\/v2\/tags?post=4773"}],"curies":[{"name":"wp","href":"https:\/\/api.w.org\/{rel}","templated":true}]}}